{"id":25112,"date":"2019-07-10T08:18:46","date_gmt":"2019-07-10T06:18:46","guid":{"rendered":"https:\/\/www.fatra.cz\/folie-fatrafol-ziskala-certifikat-tested-in-antarctica\/"},"modified":"2022-03-02T11:53:11","modified_gmt":"2022-03-02T10:53:11","slug":"die-folie-fatrafol-erhielt-das-zertifikat-in-der-antarktis-getestet","status":"publish","type":"post","link":"https:\/\/www.fatra.cz\/de\/die-folie-fatrafol-erhielt-das-zertifikat-in-der-antarktis-getestet\/","title":{"rendered":"DIE FOLIE FATRAFOL ERHIELT DAS ZERTIFIKAT IN DER ANTARKTIS GETESTET"},"content":{"rendered":"<p>Am Dienstag, den 18.&nbsp;6.&nbsp;2019 fand in den R\u00e4umlichkeiten der Masaryk-Universit\u00e4t Br\u00fcnn die feierliche \u00dcbergabe der Zertifikate IN DER ANTARKTIS GETESTET statt. Dieses Zertifikat erhielt die Dachfolie<a href=\"https:\/\/www.fatrafol.cz\/de\/produkte\/dachabdichtungssystem\/mechanisch-verankertes-dach\/fatrafol-810\/\"> FATRAFOL 810<\/a>, welche die Tests unter den Extrembedingungen in der Antarktis erfolgreich absolviert hat. Der eigentliche Test l\u00e4uft so ab, dass Expeditionsmitglieder erproben, ob ein Produkt die durch den Hersteller deklarierten Eigenschaften erf\u00fcllt, und zwar auch in der anspruchsvollen polaren Umgebung. Die Erf\u00fcllung dieser Tests berechtigt die Firma dann zur Verleihung der Marke In der Antarktis getestet.<br \/>\n<a href=\"https:\/\/www.tested-in-antarctica.com\/testovane-vyrobky-a-technologie\">Der Test der Dachfolie FATRAFOL 810<\/a> wurde schon Anfang 2015 gestartet und die Gesamtdauer des Tests sollte 10 Jahre \u00fcberschreiten. Der Test findet in der Forschungsstation Johann Gregor Mendel statt, die an der K\u00fcste der James-Ross-Insel in der Antarktis liegt. Diese systematische und langfristige Untersuchung, die auf die Best\u00e4ndigkeit von Dachabdichtungsfolien abzielt, l\u00e4uft unter v\u00f6llig einzigartigen klimatischen Bedingungen ab, die im Pr\u00fcfwesen von Kunststoffen ihresgleichen suchen. \u00dcblicherweise wird die Alterung von Kunststoffen in L\u00e4ndern mit hoher Sonnenscheinintensit\u00e4t und relativ hohen Tagestemperaturen untersucht. Im Unterschied zu ihnen bietet die Antarktis v\u00f6llig andere Bedingungen, typischerweise einen vielfachen Temperaturwechsel von einigen Grad \u00fcber null bis zu weniger als -30 \u00b0C, einen beschr\u00e4nkten Fluss der Lichtstrahlung w\u00e4hrend des polaren Winters, allerdings einen erh\u00f6hten Anteil der UV-Komponente, der durch eine Ozonanomalie (sog. Loch) verursacht ist. Eine nicht zu vernachl\u00e4ssigende Rolle spielen hier auch physikalische Faktoren \u2013 Eis- und Sandpartikel, die von Winden mit Geschwindigkeiten von bis zu 150 km\/h getragen werden.<br \/>\nDie genauen Testbedingungen und die Ergebnisse sind auf der Internetseite <a href=\"https:\/\/www.tested-in-antarctica.com\">www.tested-in-antarctica.com<\/a> ver\u00f6ffentlicht.<br \/>\n<img decoding=\"async\" width=\"300\" height=\"200\" class=\"alignnone size-medium wp-image-25115 lazyload\" data-src=\"https:\/\/www.fatra.cz\/wp-content\/uploads\/2019\/07\/Fatra_certifika\u0301t_ENG-300x200.jpg\" alt=\"\" data-srcset=\"https:\/\/www.fatra.cz\/wp-content\/uploads\/2019\/07\/Fatra_certifika\u0301t_ENG-300x200.jpg 300w, https:\/\/www.fatra.cz\/wp-content\/uploads\/2019\/07\/Fatra_certifika\u0301t_ENG-768x513.jpg 768w, https:\/\/www.fatra.cz\/wp-content\/uploads\/2019\/07\/Fatra_certifika\u0301t_ENG-449x300.jpg 449w, https:\/\/www.fatra.cz\/wp-content\/uploads\/2019\/07\/Fatra_certifika\u0301t_ENG.jpg 800w\" data-sizes=\"(max-width: 300px) 100vw, 300px\" src=\"data:image\/svg+xml;base64,PHN2ZyB3aWR0aD0iMSIgaGVpZ2h0PSIxIiB4bWxucz0iaHR0cDovL3d3dy53My5vcmcvMjAwMC9zdmciPjwvc3ZnPg==\" style=\"--smush-placeholder-width: 300px; --smush-placeholder-aspect-ratio: 300\/200;\" \/> <a href=\"https:\/\/www.fatra.cz\/wp-content\/uploads\/2019\/07\/Antarktida-p\u0159ed\u00e1v\u00e1n\u00ed-certifik\u00e1tu-2-300x200.jpg\"><img decoding=\"async\" width=\"300\" height=\"200\" class=\"alignnone size-medium wp-image-25076 lazyload\" data-src=\"https:\/\/www.fatra.cz\/wp-content\/uploads\/2019\/07\/Antarktida-p\u0159ed\u00e1v\u00e1n\u00ed-certifik\u00e1tu-2-300x200.jpg\" alt=\"\" data-srcset=\"https:\/\/www.fatra.cz\/wp-content\/uploads\/2019\/07\/Antarktida-p\u0159ed\u00e1v\u00e1n\u00ed-certifik\u00e1tu-2-300x200.jpg 300w, https:\/\/www.fatra.cz\/wp-content\/uploads\/2019\/07\/Antarktida-p\u0159ed\u00e1v\u00e1n\u00ed-certifik\u00e1tu-2-768x512.jpg 768w, https:\/\/www.fatra.cz\/wp-content\/uploads\/2019\/07\/Antarktida-p\u0159ed\u00e1v\u00e1n\u00ed-certifik\u00e1tu-2-450x300.jpg 450w, https:\/\/www.fatra.cz\/wp-content\/uploads\/2019\/07\/Antarktida-p\u0159ed\u00e1v\u00e1n\u00ed-certifik\u00e1tu-2.jpg 800w\" data-sizes=\"(max-width: 300px) 100vw, 300px\" src=\"data:image\/svg+xml;base64,PHN2ZyB3aWR0aD0iMSIgaGVpZ2h0PSIxIiB4bWxucz0iaHR0cDovL3d3dy53My5vcmcvMjAwMC9zdmciPjwvc3ZnPg==\" style=\"--smush-placeholder-width: 300px; --smush-placeholder-aspect-ratio: 300\/200;\" \/> <\/a><a href=\"https:\/\/www.fatra.cz\/wp-content\/uploads\/2019\/07\/Antarktida-p\u0159ed\u00e1v\u00e1n\u00ed-certifik\u00e1tu-1-300x200.jpg\"><img decoding=\"async\" width=\"300\" height=\"200\" class=\"alignnone size-medium wp-image-25073 lazyload\" data-src=\"https:\/\/www.fatra.cz\/wp-content\/uploads\/2019\/07\/Antarktida-p\u0159ed\u00e1v\u00e1n\u00ed-certifik\u00e1tu-1-300x200.jpg\" alt=\"\" data-srcset=\"https:\/\/www.fatra.cz\/wp-content\/uploads\/2019\/07\/Antarktida-p\u0159ed\u00e1v\u00e1n\u00ed-certifik\u00e1tu-1-300x200.jpg 300w, https:\/\/www.fatra.cz\/wp-content\/uploads\/2019\/07\/Antarktida-p\u0159ed\u00e1v\u00e1n\u00ed-certifik\u00e1tu-1-768x512.jpg 768w, https:\/\/www.fatra.cz\/wp-content\/uploads\/2019\/07\/Antarktida-p\u0159ed\u00e1v\u00e1n\u00ed-certifik\u00e1tu-1-450x300.jpg 450w, https:\/\/www.fatra.cz\/wp-content\/uploads\/2019\/07\/Antarktida-p\u0159ed\u00e1v\u00e1n\u00ed-certifik\u00e1tu-1.jpg 800w\" data-sizes=\"(max-width: 300px) 100vw, 300px\" src=\"data:image\/svg+xml;base64,PHN2ZyB3aWR0aD0iMSIgaGVpZ2h0PSIxIiB4bWxucz0iaHR0cDovL3d3dy53My5vcmcvMjAwMC9zdmciPjwvc3ZnPg==\" style=\"--smush-placeholder-width: 300px; --smush-placeholder-aspect-ratio: 300\/200;\" \/> <\/a><a href=\"https:\/\/www.fatra.cz\/wp-content\/uploads\/2019\/07\/foto-polarn\u00ed-stanice-detail-300x200.jpg\"><img decoding=\"async\" width=\"300\" height=\"200\" class=\"alignnone size-medium wp-image-25089 lazyload\" data-src=\"https:\/\/www.fatra.cz\/wp-content\/uploads\/2019\/07\/foto-polarn\u00ed-stanice-detail-300x200.jpg\" alt=\"\" data-srcset=\"https:\/\/www.fatra.cz\/wp-content\/uploads\/2019\/07\/foto-polarn\u00ed-stanice-detail-300x200.jpg 300w, https:\/\/www.fatra.cz\/wp-content\/uploads\/2019\/07\/foto-polarn\u00ed-stanice-detail-768x513.jpg 768w, https:\/\/www.fatra.cz\/wp-content\/uploads\/2019\/07\/foto-polarn\u00ed-stanice-detail-449x300.jpg 449w, https:\/\/www.fatra.cz\/wp-content\/uploads\/2019\/07\/foto-polarn\u00ed-stanice-detail.jpg 800w\" data-sizes=\"(max-width: 300px) 100vw, 300px\" src=\"data:image\/svg+xml;base64,PHN2ZyB3aWR0aD0iMSIgaGVpZ2h0PSIxIiB4bWxucz0iaHR0cDovL3d3dy53My5vcmcvMjAwMC9zdmciPjwvc3ZnPg==\" style=\"--smush-placeholder-width: 300px; --smush-placeholder-aspect-ratio: 300\/200;\" \/> <\/a><a href=\"https:\/\/www.fatra.cz\/wp-content\/uploads\/2019\/07\/foto-polarni-stanice-300x150.jpg\"><img decoding=\"async\" width=\"300\" height=\"150\" class=\"alignnone size-medium wp-image-25093 lazyload\" data-src=\"https:\/\/www.fatra.cz\/wp-content\/uploads\/2019\/07\/foto-polarni-stanice-300x150.jpg\" alt=\"\" data-srcset=\"https:\/\/www.fatra.cz\/wp-content\/uploads\/2019\/07\/foto-polarni-stanice-300x150.jpg 300w, https:\/\/www.fatra.cz\/wp-content\/uploads\/2019\/07\/foto-polarni-stanice-768x384.jpg 768w, https:\/\/www.fatra.cz\/wp-content\/uploads\/2019\/07\/foto-polarni-stanice-600x300.jpg 600w, https:\/\/www.fatra.cz\/wp-content\/uploads\/2019\/07\/foto-polarni-stanice.jpg 800w\" data-sizes=\"(max-width: 300px) 100vw, 300px\" src=\"data:image\/svg+xml;base64,PHN2ZyB3aWR0aD0iMSIgaGVpZ2h0PSIxIiB4bWxucz0iaHR0cDovL3d3dy53My5vcmcvMjAwMC9zdmciPjwvc3ZnPg==\" style=\"--smush-placeholder-width: 300px; --smush-placeholder-aspect-ratio: 300\/150;\" \/><\/a><\/p>\n","protected":false},"excerpt":{"rendered":"<p>Am Dienstag, den 18.&nbsp;6.&nbsp;2019 fand in den R\u00e4umlichkeiten der Masaryk-Universit\u00e4t Br\u00fcnn die feierliche \u00dcbergabe der Zertifikate IN DER ANTARKTIS GETESTET statt. Dieses Zertifikat erhielt die Dachfolie FATRAFOL 810, welche die Tests unter den Extrembedingungen in der Antarktis erfolgreich absolviert hat. Der eigentliche Test l\u00e4uft so ab, dass Expeditionsmitglieder erproben, ob ein Produkt die durch den [&hellip;]<\/p>\n","protected":false},"author":15,"featured_media":0,"comment_status":"closed","ping_status":"closed","sticky":false,"template":"","format":"standard","meta":{"footnotes":""},"categories":[271],"tags":[],"class_list":["post-25112","post","type-post","status-publish","format-standard","hentry","category-aktualitaet"],"_links":{"self":[{"href":"https:\/\/www.fatra.cz\/de\/wp-json\/wp\/v2\/posts\/25112","targetHints":{"allow":["GET"]}}],"collection":[{"href":"https:\/\/www.fatra.cz\/de\/wp-json\/wp\/v2\/posts"}],"about":[{"href":"https:\/\/www.fatra.cz\/de\/wp-json\/wp\/v2\/types\/post"}],"author":[{"embeddable":true,"href":"https:\/\/www.fatra.cz\/de\/wp-json\/wp\/v2\/users\/15"}],"replies":[{"embeddable":true,"href":"https:\/\/www.fatra.cz\/de\/wp-json\/wp\/v2\/comments?post=25112"}],"version-history":[{"count":0,"href":"https:\/\/www.fatra.cz\/de\/wp-json\/wp\/v2\/posts\/25112\/revisions"}],"wp:attachment":[{"href":"https:\/\/www.fatra.cz\/de\/wp-json\/wp\/v2\/media?parent=25112"}],"wp:term":[{"taxonomy":"category","embeddable":true,"href":"https:\/\/www.fatra.cz\/de\/wp-json\/wp\/v2\/categories?post=25112"},{"taxonomy":"post_tag","embeddable":true,"href":"https:\/\/www.fatra.cz\/de\/wp-json\/wp\/v2\/tags?post=25112"}],"curies":[{"name":"wp","href":"https:\/\/api.w.org\/{rel}","templated":true}]}}