{"id":32516,"date":"2022-02-16T09:55:03","date_gmt":"2022-02-16T08:55:03","guid":{"rendered":"https:\/\/www.fatra.cz\/?p=32516"},"modified":"2022-02-16T09:55:04","modified_gmt":"2022-02-16T08:55:04","slug":"fussboeden-von-fatra-auf-tv-prima","status":"publish","type":"post","link":"https:\/\/www.fatra.cz\/de\/fussboeden-von-fatra-auf-tv-prima\/","title":{"rendered":"Fu\u00dfb\u00f6den von Fatra auf TV Prima"},"content":{"rendered":"\n<p>Auf die Fernsehbildschirme von TV Prima kehrt in diesem Jahr die beliebte Sendereihe mit Iva Kubelkov\u00e1 und einem Team von f\u00fcnf Designerpaaren zur\u00fcck, die Familien, denen das Schicksal bislang nicht gewogen war, ein neues Heim schaffen. Die Fu\u00dfbodenbel\u00e4ge f\u00fcr die Sendereihe lieferte erneut die Firma Fatra, a.s. Die Designer haben die M\u00f6glichkeit, aus dem kompletten Portfolio der Vinylbodenbel\u00e4ge zu w\u00e4hlen. In den einzelnen Folgen\u00a0sehen Sie so die LVT-Teile\u00a0<a href=\"https:\/\/www.fatrafloor.de\/produkty\/vinyl-fliesen\/vinyl-fliesen-thermofix\/\" data-type=\"URL\" data-id=\"https:\/\/www.fatrafloor.de\/produkty\/vinyl-fliesen\/vinyl-fliesen-thermofix\/\" target=\"_blank\" rel=\"noreferrer noopener\">Thermofix<\/a>, die Rigid-B\u00f6den\u00a0<a href=\"https:\/\/www.fatrafloor.de\/produkty\/klick-vinylboden\/well-click\/\" data-type=\"URL\" data-id=\"https:\/\/www.fatrafloor.de\/produkty\/klick-vinylboden\/well-click\/\" target=\"_blank\" rel=\"noreferrer noopener\">WELL-click<\/a>\u00a0oder die Schlossdielen\u00a0<a href=\"https:\/\/www.fatrafloor.de\/produkty\/klick-vinylboden\/rs-click\/\" data-type=\"URL\" data-id=\"https:\/\/www.fatrafloor.de\/produkty\/klick-vinylboden\/rs-click\/\" target=\"_blank\" rel=\"noreferrer noopener\">RS-click<\/a>\u00a0und\u00a0<a href=\"https:\/\/www.fatrafloor.de\/produkty\/klick-vinylboden\/fatraclick\/\" data-type=\"URL\" data-id=\"https:\/\/www.fatrafloor.de\/produkty\/klick-vinylboden\/fatraclick\/\" target=\"_blank\" rel=\"noreferrer noopener\">FatraClick<\/a>.<\/p>\n\n\n\n<p>Die ersten Folgen wurden Anfang Januar ausgestrahlt, weitere k\u00f6nnen Sie jeden Montag ab 21:35 Uhr auf TV Prima sehen, und zwar bis zum 31. M\u00e4rz. Weitere Fotos von den Rekonstruktionen und interessante Tipps finden Sie auf unserer <a href=\"https:\/\/www.facebook.com\/fatracr\/\" target=\"_blank\" rel=\"noreferrer noopener\">Facebook-Seite<\/a>.<\/p>\n","protected":false},"excerpt":{"rendered":"<p>Auf die Fernsehbildschirme von TV Prima kehrt in diesem Jahr die beliebte Sendereihe mit Iva Kubelkov\u00e1 und einem Team von f\u00fcnf Designerpaaren zur\u00fcck, die Familien, denen das Schicksal bislang nicht gewogen war, ein neues Heim schaffen. Die Fu\u00dfbodenbel\u00e4ge f\u00fcr die Sendereihe lieferte erneut die Firma Fatra, a.s. Die Designer haben die M\u00f6glichkeit, aus dem kompletten [&hellip;]<\/p>\n","protected":false},"author":35,"featured_media":32394,"comment_status":"closed","ping_status":"closed","sticky":false,"template":"","format":"standard","meta":{"footnotes":""},"categories":[110],"tags":[],"class_list":["post-32516","post","type-post","status-publish","format-standard","has-post-thumbnail","hentry","category-unkategorisiert"],"_links":{"self":[{"href":"https:\/\/www.fatra.cz\/de\/wp-json\/wp\/v2\/posts\/32516","targetHints":{"allow":["GET"]}}],"collection":[{"href":"https:\/\/www.fatra.cz\/de\/wp-json\/wp\/v2\/posts"}],"about":[{"href":"https:\/\/www.fatra.cz\/de\/wp-json\/wp\/v2\/types\/post"}],"author":[{"embeddable":true,"href":"https:\/\/www.fatra.cz\/de\/wp-json\/wp\/v2\/users\/35"}],"replies":[{"embeddable":true,"href":"https:\/\/www.fatra.cz\/de\/wp-json\/wp\/v2\/comments?post=32516"}],"version-history":[{"count":0,"href":"https:\/\/www.fatra.cz\/de\/wp-json\/wp\/v2\/posts\/32516\/revisions"}],"wp:featuredmedia":[{"embeddable":true,"href":"https:\/\/www.fatra.cz\/de\/wp-json\/wp\/v2\/media\/32394"}],"wp:attachment":[{"href":"https:\/\/www.fatra.cz\/de\/wp-json\/wp\/v2\/media?parent=32516"}],"wp:term":[{"taxonomy":"category","embeddable":true,"href":"https:\/\/www.fatra.cz\/de\/wp-json\/wp\/v2\/categories?post=32516"},{"taxonomy":"post_tag","embeddable":true,"href":"https:\/\/www.fatra.cz\/de\/wp-json\/wp\/v2\/tags?post=32516"}],"curies":[{"name":"wp","href":"https:\/\/api.w.org\/{rel}","templated":true}]}}