{"id":34152,"date":"2022-11-01T08:51:42","date_gmt":"2022-11-01T07:51:42","guid":{"rendered":"https:\/\/www.fatra.cz\/?p=34152"},"modified":"2022-11-01T08:51:46","modified_gmt":"2022-11-01T07:51:46","slug":"neue-kollektion-der-luxurioesen-vinylteile-marilo","status":"publish","type":"post","link":"https:\/\/www.fatra.cz\/de\/neue-kollektion-der-luxurioesen-vinylteile-marilo\/","title":{"rendered":"Neue Kollektion der luxuri\u00f6sen Vinylteile MARILO"},"content":{"rendered":"\n<p>Fatra hat eine neue Kollektion der Vinylteile&nbsp;<a href=\"https:\/\/www.fatrafloor.de\/produkty\/vinyl-fliesen\/vinyl-fliesen-marilo\/\">MARILO<\/a>&nbsp;auf den Markt gebracht. Es handelt sich um einen heterogenen geklebten Fu\u00dfbodenbelag, der durch seine Best\u00e4ndigkeit und ein perfektes Design besticht.<\/p>\n\n\n\n<p>Der Vinylbodenbelag&nbsp;<a href=\"https:\/\/www.fatrafloor.de\/produkty\/vinyl-fliesen\/vinyl-fliesen-marilo\/\">MARILO<\/a>&nbsp;umfasst 10 Eichenholzfarbt\u00f6ne und imitiert nat\u00fcrliche Materialien dank einer speziellen Struktur und der matten Oberfl\u00e4che. Das Ma\u00df der Lamellen betr\u00e4gt 1200 x 180 mm und die Gesamtst\u00e4rke 2 mm. Die St\u00e4rke der Trittschicht wird in zwei Varianten angeboten, und zwar 0,3 und 0,55 mm. Die Beanspruchungsklasse pr\u00e4destiniert diesen Bodenbelag also sowohl f\u00fcr Wohn- als auch f\u00fcr gewerbliche Bereiche (Hotels, Restaurants, B\u00fcros).<\/p>\n\n\n\n<p>Zu den Hauptvorteilen geh\u00f6rt die Best\u00e4ndigkeit gegen Abnutzung und feuchte Umgebung. Sie werden auch die einfache Wartung dank einer PUR-Schutzschicht zu sch\u00e4tzen wissen. Diese ist dar\u00fcber hinaus mit dem SILVER-Block-Verfahren behandelt, das einen Schild gegen das unerw\u00fcnschte Wirken von Mikroorganismen bildet.<\/p>\n\n\n\n<div style=\"height:15px\" aria-hidden=\"true\" class=\"wp-block-spacer\"><\/div>\n\n\n\n<figure class=\"wp-block-gallery has-nested-images columns-default is-cropped wp-block-gallery-2 is-layout-flex wp-block-gallery-is-layout-flex\">\n<figure class=\"wp-block-image size-medium\"><a href=\"https:\/\/www.fatra.cz\/wp-content\/uploads\/2022\/11\/vinyl-floor-marilo-fatra-lvt-new-3-300x200.png\"><img decoding=\"async\" width=\"300\" height=\"200\" data-id=\"34143\" data-src=\"https:\/\/www.fatra.cz\/wp-content\/uploads\/2022\/11\/vinyl-floor-marilo-fatra-lvt-new-3-300x200.png\" alt=\"\" class=\"wp-image-34143 lazyload\" data-srcset=\"https:\/\/www.fatra.cz\/wp-content\/uploads\/2022\/11\/vinyl-floor-marilo-fatra-lvt-new-3-300x200.png 300w, https:\/\/www.fatra.cz\/wp-content\/uploads\/2022\/11\/vinyl-floor-marilo-fatra-lvt-new-3-768x512.png 768w, https:\/\/www.fatra.cz\/wp-content\/uploads\/2022\/11\/vinyl-floor-marilo-fatra-lvt-new-3-450x300.png 450w, https:\/\/www.fatra.cz\/wp-content\/uploads\/2022\/11\/vinyl-floor-marilo-fatra-lvt-new-3.png 800w\" data-sizes=\"(max-width: 300px) 100vw, 300px\" src=\"data:image\/svg+xml;base64,PHN2ZyB3aWR0aD0iMSIgaGVpZ2h0PSIxIiB4bWxucz0iaHR0cDovL3d3dy53My5vcmcvMjAwMC9zdmciPjwvc3ZnPg==\" style=\"--smush-placeholder-width: 300px; --smush-placeholder-aspect-ratio: 300\/200;\" \/><\/a><\/figure>\n\n\n\n<figure class=\"wp-block-image size-medium\"><a href=\"https:\/\/www.fatra.cz\/wp-content\/uploads\/2022\/11\/vinyl-floor-marilo-fatra-lvt-new-1-300x200.png\"><img decoding=\"async\" width=\"300\" height=\"200\" data-id=\"34135\" data-src=\"https:\/\/www.fatra.cz\/wp-content\/uploads\/2022\/11\/vinyl-floor-marilo-fatra-lvt-new-1-300x200.png\" alt=\"\" class=\"wp-image-34135 lazyload\" data-srcset=\"https:\/\/www.fatra.cz\/wp-content\/uploads\/2022\/11\/vinyl-floor-marilo-fatra-lvt-new-1-300x200.png 300w, https:\/\/www.fatra.cz\/wp-content\/uploads\/2022\/11\/vinyl-floor-marilo-fatra-lvt-new-1-768x512.png 768w, https:\/\/www.fatra.cz\/wp-content\/uploads\/2022\/11\/vinyl-floor-marilo-fatra-lvt-new-1-450x300.png 450w, https:\/\/www.fatra.cz\/wp-content\/uploads\/2022\/11\/vinyl-floor-marilo-fatra-lvt-new-1.png 800w\" data-sizes=\"(max-width: 300px) 100vw, 300px\" src=\"data:image\/svg+xml;base64,PHN2ZyB3aWR0aD0iMSIgaGVpZ2h0PSIxIiB4bWxucz0iaHR0cDovL3d3dy53My5vcmcvMjAwMC9zdmciPjwvc3ZnPg==\" style=\"--smush-placeholder-width: 300px; --smush-placeholder-aspect-ratio: 300\/200;\" \/><\/a><\/figure>\n\n\n\n<figure class=\"wp-block-image size-medium\"><a href=\"https:\/\/www.fatra.cz\/wp-content\/uploads\/2022\/11\/vinyl-floor-marilo-fatra-lvt-new-5-300x200.png\"><img decoding=\"async\" width=\"300\" height=\"200\" data-id=\"34130\" data-src=\"https:\/\/www.fatra.cz\/wp-content\/uploads\/2022\/11\/vinyl-floor-marilo-fatra-lvt-new-5-300x200.png\" alt=\"\" class=\"wp-image-34130 lazyload\" data-srcset=\"https:\/\/www.fatra.cz\/wp-content\/uploads\/2022\/11\/vinyl-floor-marilo-fatra-lvt-new-5-300x200.png 300w, https:\/\/www.fatra.cz\/wp-content\/uploads\/2022\/11\/vinyl-floor-marilo-fatra-lvt-new-5-768x512.png 768w, https:\/\/www.fatra.cz\/wp-content\/uploads\/2022\/11\/vinyl-floor-marilo-fatra-lvt-new-5-450x300.png 450w, https:\/\/www.fatra.cz\/wp-content\/uploads\/2022\/11\/vinyl-floor-marilo-fatra-lvt-new-5.png 800w\" data-sizes=\"(max-width: 300px) 100vw, 300px\" src=\"data:image\/svg+xml;base64,PHN2ZyB3aWR0aD0iMSIgaGVpZ2h0PSIxIiB4bWxucz0iaHR0cDovL3d3dy53My5vcmcvMjAwMC9zdmciPjwvc3ZnPg==\" style=\"--smush-placeholder-width: 300px; --smush-placeholder-aspect-ratio: 300\/200;\" \/><\/a><\/figure>\n<\/figure>\n","protected":false},"excerpt":{"rendered":"<p>Fatra hat eine neue Kollektion der Vinylteile&nbsp;MARILO&nbsp;auf den Markt gebracht. Es handelt sich um einen heterogenen geklebten Fu\u00dfbodenbelag, der durch seine Best\u00e4ndigkeit und ein perfektes Design besticht. Der Vinylbodenbelag&nbsp;MARILO&nbsp;umfasst 10 Eichenholzfarbt\u00f6ne und imitiert nat\u00fcrliche Materialien dank einer speziellen Struktur und der matten Oberfl\u00e4che. Das Ma\u00df der Lamellen betr\u00e4gt 1200 x 180 mm und die Gesamtst\u00e4rke [&hellip;]<\/p>\n","protected":false},"author":35,"featured_media":34139,"comment_status":"open","ping_status":"closed","sticky":false,"template":"","format":"standard","meta":{"footnotes":""},"categories":[370],"tags":[],"class_list":["post-34152","post","type-post","status-publish","format-standard","has-post-thumbnail","hentry","category-uncategorized-ru"],"_links":{"self":[{"href":"https:\/\/www.fatra.cz\/de\/wp-json\/wp\/v2\/posts\/34152","targetHints":{"allow":["GET"]}}],"collection":[{"href":"https:\/\/www.fatra.cz\/de\/wp-json\/wp\/v2\/posts"}],"about":[{"href":"https:\/\/www.fatra.cz\/de\/wp-json\/wp\/v2\/types\/post"}],"author":[{"embeddable":true,"href":"https:\/\/www.fatra.cz\/de\/wp-json\/wp\/v2\/users\/35"}],"replies":[{"embeddable":true,"href":"https:\/\/www.fatra.cz\/de\/wp-json\/wp\/v2\/comments?post=34152"}],"version-history":[{"count":0,"href":"https:\/\/www.fatra.cz\/de\/wp-json\/wp\/v2\/posts\/34152\/revisions"}],"wp:featuredmedia":[{"embeddable":true,"href":"https:\/\/www.fatra.cz\/de\/wp-json\/wp\/v2\/media\/34139"}],"wp:attachment":[{"href":"https:\/\/www.fatra.cz\/de\/wp-json\/wp\/v2\/media?parent=34152"}],"wp:term":[{"taxonomy":"category","embeddable":true,"href":"https:\/\/www.fatra.cz\/de\/wp-json\/wp\/v2\/categories?post=34152"},{"taxonomy":"post_tag","embeddable":true,"href":"https:\/\/www.fatra.cz\/de\/wp-json\/wp\/v2\/tags?post=34152"}],"curies":[{"name":"wp","href":"https:\/\/api.w.org\/{rel}","templated":true}]}}