{"id":36750,"date":"2023-04-14T09:15:52","date_gmt":"2023-04-14T07:15:52","guid":{"rendered":"https:\/\/www.fatra.cz\/?p=36750"},"modified":"2023-05-19T08:54:44","modified_gmt":"2023-05-19T06:54:44","slug":"fatra-auf-der-konferenz-architecture-design-network-in-warschau","status":"publish","type":"post","link":"https:\/\/www.fatra.cz\/de\/fatra-auf-der-konferenz-architecture-design-network-in-warschau\/","title":{"rendered":"Fatra auf der Konferenz Architecture Design &amp; Network in Warschau"},"content":{"rendered":"\n<p>Am 21.&nbsp;und 22. M\u00e4rz 2023 nahm unser Unternehmen an der prestigetr\u00e4chtigen Konferenz&nbsp;<a href=\"https:\/\/archcee.com\/\">Architecture Design &amp; Network<\/a>&nbsp;in Polen teil, die der F\u00f6rderung der Architektur- und Designbranche gewidmet ist. Das Treffen fand in den R\u00e4umlichkeiten des ber\u00fchmten Hotels InterContinental im Zentrum von Warschau statt, wo sich renommierte Experten aus den Reihen der Architekten und Designer pr\u00e4sentierten.<\/p>\n\n\n\n<p>Die Unternehmenspr\u00e4sentation erfolgte durch den neuen Exklusivpartner im Bereich Bodenbel\u00e4ge FATRAFLOOR, Fatra Polska Sp. z&nbsp;o.o., dem Vertreter des Bereichs Abdichtungssysteme&nbsp;<a href=\"https:\/\/www.fatrafol.cz\/de\/\">FATRAFOL<\/a>.<\/p>\n","protected":false},"excerpt":{"rendered":"<p>Am 21.&nbsp;und 22. M\u00e4rz 2023 nahm unser Unternehmen an der prestigetr\u00e4chtigen Konferenz&nbsp;Architecture Design &amp; Network&nbsp;in Polen teil, die der F\u00f6rderung der Architektur- und Designbranche gewidmet ist. Das Treffen fand in den R\u00e4umlichkeiten des ber\u00fchmten Hotels InterContinental im Zentrum von Warschau statt, wo sich renommierte Experten aus den Reihen der Architekten und Designer pr\u00e4sentierten. Die Unternehmenspr\u00e4sentation [&hellip;]<\/p>\n","protected":false},"author":35,"featured_media":36292,"comment_status":"closed","ping_status":"closed","sticky":false,"template":"","format":"standard","meta":{"footnotes":""},"categories":[110],"tags":[],"class_list":["post-36750","post","type-post","status-publish","format-standard","has-post-thumbnail","hentry","category-unkategorisiert"],"_links":{"self":[{"href":"https:\/\/www.fatra.cz\/de\/wp-json\/wp\/v2\/posts\/36750","targetHints":{"allow":["GET"]}}],"collection":[{"href":"https:\/\/www.fatra.cz\/de\/wp-json\/wp\/v2\/posts"}],"about":[{"href":"https:\/\/www.fatra.cz\/de\/wp-json\/wp\/v2\/types\/post"}],"author":[{"embeddable":true,"href":"https:\/\/www.fatra.cz\/de\/wp-json\/wp\/v2\/users\/35"}],"replies":[{"embeddable":true,"href":"https:\/\/www.fatra.cz\/de\/wp-json\/wp\/v2\/comments?post=36750"}],"version-history":[{"count":0,"href":"https:\/\/www.fatra.cz\/de\/wp-json\/wp\/v2\/posts\/36750\/revisions"}],"wp:featuredmedia":[{"embeddable":true,"href":"https:\/\/www.fatra.cz\/de\/wp-json\/wp\/v2\/media\/36292"}],"wp:attachment":[{"href":"https:\/\/www.fatra.cz\/de\/wp-json\/wp\/v2\/media?parent=36750"}],"wp:term":[{"taxonomy":"category","embeddable":true,"href":"https:\/\/www.fatra.cz\/de\/wp-json\/wp\/v2\/categories?post=36750"},{"taxonomy":"post_tag","embeddable":true,"href":"https:\/\/www.fatra.cz\/de\/wp-json\/wp\/v2\/tags?post=36750"}],"curies":[{"name":"wp","href":"https:\/\/api.w.org\/{rel}","templated":true}]}}