{"id":38488,"date":"2023-12-04T10:09:23","date_gmt":"2023-12-04T09:09:23","guid":{"rendered":"https:\/\/www.fatra.cz\/?p=38488"},"modified":"2023-12-04T10:09:26","modified_gmt":"2023-12-04T09:09:26","slug":"fatra-ist-mitglied-von-vinylplus","status":"publish","type":"post","link":"https:\/\/www.fatra.cz\/de\/fatra-ist-mitglied-von-vinylplus\/","title":{"rendered":"Fatra ist Mitglied von VinylPlus"},"content":{"rendered":"\n<p>Nachhaltigkeit ist f\u00fcr uns nicht nur ein Wort, sie ist das Hauptelement unserer Unternehmenst\u00e4tigkeit. Wir sehen sie als langfristige Verpflichtung, in allem, was wir tun, besser zu werden.<\/p>\n\n\n\n<p>Auch deshalb sind wir langfristig Mitglied von <a href=\"https:\/\/www.vinylplus.eu\/\" data-type=\"link\" data-id=\"https:\/\/www.vinylplus.eu\/\">VinylPlus<\/a> und verpflichten uns so zu langfristigen Bem\u00fchungen im Bereich der nachhaltigen Entwicklung in der PVC-Industrie. Hauptziel ist es, die Kreislaufwirtschaft und eine effektivere Nutzung der Ressourcen zu unterst\u00fctzen.<\/p>\n\n\n\n<p>VinylPlus ist eine Verpflichtung der europ\u00e4ischen PVC-Industrie zur nachhaltigen Entwicklung, die eine Verbesserung der Nachhaltigkeit von PVC anstrebt. PVC ist einer der meistverwendeten Kunststoffe der Welt mit einer langen Lebensdauer und einem breiten Anwendungsspektrum wie Fensterrahmen, Rohre, Bodenbel\u00e4ge, Kabel, Sportausr\u00fcstung, M\u00f6bel und eine Reihe lebenswichtiger Gesundheitsmittel. PVC kann mehrmals recycelt werden und VinylPlus setzt sich prim\u00e4r gerade daf\u00fcr ein.<\/p>\n\n\n\n<p>Das <a href=\"https:\/\/www.vinylplus.eu\/\" data-type=\"link\" data-id=\"https:\/\/www.vinylplus.eu\/\">Programm VinylPlus<\/a> entstand im Laufe von Industrie-Workshops und dank eines offenen Dialogs aller beteiligten Seiten, NGOs, Regulierungsbeh\u00f6rden, Vertreter der \u00d6ffentlichkeit und Anwender von PVC eingeschlossen.<\/p>\n\n\n\n<p>Bezugnehmend auf die Zusage der Europ\u00e4ischen Kommission, dass die gesamte Kunststoffindustrie das Recycling st\u00e4rkt, hat sich VinylPlus verpflichtet, bis 2025 mindestens 900&nbsp;000 Tonnen PVC j\u00e4hrlich mit dem Ziel zu recyceln, das Konzept der Kreislaufwirtschaft zu unterst\u00fctzen. Mit diesem Schritt denken wir auch an die Zukunft, denn die Welt um uns herum ist uns wichtig.<\/p>\n","protected":false},"excerpt":{"rendered":"<p>Nachhaltigkeit ist f\u00fcr uns nicht nur ein Wort, sie ist das Hauptelement unserer Unternehmenst\u00e4tigkeit. Wir sehen sie als langfristige Verpflichtung, in allem, was wir tun, besser zu werden. Auch deshalb sind wir langfristig Mitglied von VinylPlus und verpflichten uns so zu langfristigen Bem\u00fchungen im Bereich der nachhaltigen Entwicklung in der PVC-Industrie. Hauptziel ist es, die [&hellip;]<\/p>\n","protected":false},"author":35,"featured_media":38383,"comment_status":"closed","ping_status":"closed","sticky":false,"template":"","format":"standard","meta":{"footnotes":""},"categories":[110],"tags":[],"class_list":["post-38488","post","type-post","status-publish","format-standard","has-post-thumbnail","hentry","category-unkategorisiert"],"_links":{"self":[{"href":"https:\/\/www.fatra.cz\/de\/wp-json\/wp\/v2\/posts\/38488","targetHints":{"allow":["GET"]}}],"collection":[{"href":"https:\/\/www.fatra.cz\/de\/wp-json\/wp\/v2\/posts"}],"about":[{"href":"https:\/\/www.fatra.cz\/de\/wp-json\/wp\/v2\/types\/post"}],"author":[{"embeddable":true,"href":"https:\/\/www.fatra.cz\/de\/wp-json\/wp\/v2\/users\/35"}],"replies":[{"embeddable":true,"href":"https:\/\/www.fatra.cz\/de\/wp-json\/wp\/v2\/comments?post=38488"}],"version-history":[{"count":0,"href":"https:\/\/www.fatra.cz\/de\/wp-json\/wp\/v2\/posts\/38488\/revisions"}],"wp:featuredmedia":[{"embeddable":true,"href":"https:\/\/www.fatra.cz\/de\/wp-json\/wp\/v2\/media\/38383"}],"wp:attachment":[{"href":"https:\/\/www.fatra.cz\/de\/wp-json\/wp\/v2\/media?parent=38488"}],"wp:term":[{"taxonomy":"category","embeddable":true,"href":"https:\/\/www.fatra.cz\/de\/wp-json\/wp\/v2\/categories?post=38488"},{"taxonomy":"post_tag","embeddable":true,"href":"https:\/\/www.fatra.cz\/de\/wp-json\/wp\/v2\/tags?post=38488"}],"curies":[{"name":"wp","href":"https:\/\/api.w.org\/{rel}","templated":true}]}}