{"id":38344,"date":"2023-11-20T08:37:00","date_gmt":"2023-11-20T07:37:00","guid":{"rendered":"https:\/\/www.fatra.cz\/?p=38344"},"modified":"2023-11-21T09:41:32","modified_gmt":"2023-11-21T08:41:32","slug":"the-fair-employer-of-the-zlin-region","status":"publish","type":"post","link":"https:\/\/www.fatra.cz\/en\/the-fair-employer-of-the-zlin-region\/","title":{"rendered":"The Fair Employer of the Zl\u00edn Region"},"content":{"rendered":"\n<p>The 2023 Fair Employer of the Zl\u00edn Region. This survey is organised by the Zl\u00edn Region in cooperation with the Regional Chamber of Commerce of the Zl\u00edn Region, the Labour Office of the Czech Republic-the Regional Branch in Zl\u00edn and the Regional Council of the Czech and Moravian Confederation of Trade Unions of the Zl\u00edn the Region. <\/p>\n\n\n\n<p>According to the rules, it recognises the efforts of employers who ensure equal opportunities for their employees, take care of their employees and support the region they work in over and above the framework of their statutory obligations. These very activities contribute to the development of good working conditions in the region, strengthened relationships between the protagonists in labour-law relations, the financial stability of companies, the health of the region\u2019s inhabitants and the development of corporate responsibility. <\/p>\n\n\n\n<p>Fatra, a. s. won the jubilee 10th year of this survey in the category of employers with more than 249 employees. The award is confirmation for us of the results of our long-term work with our employees and evidence of the fact that we are heading in the right direction. At the same time, however, it is also a commitment for the future, because fairness and responsibility are the key to long-term success both for the company and for its employees.<\/p>\n\n\n\n<p class=\"has-text-align-right\">Mgr. David \u010cuda, HR Director<\/p>\n","protected":false},"excerpt":{"rendered":"<p>The 2023 Fair Employer of the Zl\u00edn Region. This survey is organised by the Zl\u00edn Region in cooperation with the Regional Chamber of Commerce of the Zl\u00edn Region, the Labour Office of the Czech Republic-the Regional Branch in Zl\u00edn and the Regional Council of the Czech and Moravian Confederation of Trade Unions of the Zl\u00edn [&hellip;]<\/p>\n","protected":false},"author":35,"featured_media":38240,"comment_status":"closed","ping_status":"closed","sticky":false,"template":"","format":"standard","meta":{"footnotes":""},"categories":[1],"tags":[],"class_list":["post-38344","post","type-post","status-publish","format-standard","has-post-thumbnail","hentry","category-nezarazene"],"_links":{"self":[{"href":"https:\/\/www.fatra.cz\/en\/wp-json\/wp\/v2\/posts\/38344","targetHints":{"allow":["GET"]}}],"collection":[{"href":"https:\/\/www.fatra.cz\/en\/wp-json\/wp\/v2\/posts"}],"about":[{"href":"https:\/\/www.fatra.cz\/en\/wp-json\/wp\/v2\/types\/post"}],"author":[{"embeddable":true,"href":"https:\/\/www.fatra.cz\/en\/wp-json\/wp\/v2\/users\/35"}],"replies":[{"embeddable":true,"href":"https:\/\/www.fatra.cz\/en\/wp-json\/wp\/v2\/comments?post=38344"}],"version-history":[{"count":0,"href":"https:\/\/www.fatra.cz\/en\/wp-json\/wp\/v2\/posts\/38344\/revisions"}],"wp:featuredmedia":[{"embeddable":true,"href":"https:\/\/www.fatra.cz\/en\/wp-json\/wp\/v2\/media\/38240"}],"wp:attachment":[{"href":"https:\/\/www.fatra.cz\/en\/wp-json\/wp\/v2\/media?parent=38344"}],"wp:term":[{"taxonomy":"category","embeddable":true,"href":"https:\/\/www.fatra.cz\/en\/wp-json\/wp\/v2\/categories?post=38344"},{"taxonomy":"post_tag","embeddable":true,"href":"https:\/\/www.fatra.cz\/en\/wp-json\/wp\/v2\/tags?post=38344"}],"curies":[{"name":"wp","href":"https:\/\/api.w.org\/{rel}","templated":true}]}}